{"@context":"https:\/\/schema.org\/","@type":"CollectionPage","@id":"https:\/\/www.tulsi.sk\/vyrobky\/#CollectionPage","headline":"V\u00fdrobky Category","description":"","url":"https:\/\/www.tulsi.sk\/vyrobky\/","hasPart":[{"@type":"Article","@id":"https:\/\/www.tulsi.sk\/testovanie-neskoncilo\/","headline":"Testovanie neskon\u010dilo","url":"https:\/\/www.tulsi.sk\/testovanie-neskoncilo\/","datePublished":"2025-09-05","dateModified":"2025-09-05","mainEntityOfPage":"https:\/\/www.tulsi.sk\/testovanie-neskoncilo\/","author":{"@type":"Person","@id":"https:\/\/www.tulsi.sk\/author\/devene\/#Person","name":"devene","url":"https:\/\/www.tulsi.sk\/author\/devene\/","identifier":1,"image":{"@type":"ImageObject","@id":"https:\/\/secure.gravatar.com\/avatar\/3c4e99fa9a9806cd5e8fd7cac6ca73ff5bbf5f3ee309e1745415eebd31482909?s=96&d=mm&r=g","url":"https:\/\/secure.gravatar.com\/avatar\/3c4e99fa9a9806cd5e8fd7cac6ca73ff5bbf5f3ee309e1745415eebd31482909?s=96&d=mm&r=g","height":96,"width":96}},"publisher":{"@type":"Organization","name":"tulsi.sk","logo":{"@type":"ImageObject","@id":"\/logo.png","url":"\/logo.png","width":600,"height":60}},"image":{"@type":"ImageObject","@id":"https:\/\/www.tulsi.sk\/wp-content\/uploads\/covid-6517476_640_10_4.jpg","url":"https:\/\/www.tulsi.sk\/wp-content\/uploads\/covid-6517476_640_10_4.jpg","height":0,"width":0},"keywords":null},{"@type":"Article","@id":"https:\/\/www.tulsi.sk\/zazite-masaz-telo-na-telo\/","headline":"Za\u017eite mas\u00e1\u017e telo na telo","url":"https:\/\/www.tulsi.sk\/zazite-masaz-telo-na-telo\/","datePublished":"2025-09-02","dateModified":"2025-09-02","mainEntityOfPage":"https:\/\/www.tulsi.sk\/zazite-masaz-telo-na-telo\/","author":{"@type":"Person","@id":"https:\/\/www.tulsi.sk\/author\/devene\/#Person","name":"devene","url":"https:\/\/www.tulsi.sk\/author\/devene\/","identifier":1,"image":{"@type":"ImageObject","@id":"https:\/\/secure.gravatar.com\/avatar\/3c4e99fa9a9806cd5e8fd7cac6ca73ff5bbf5f3ee309e1745415eebd31482909?s=96&d=mm&r=g","url":"https:\/\/secure.gravatar.com\/avatar\/3c4e99fa9a9806cd5e8fd7cac6ca73ff5bbf5f3ee309e1745415eebd31482909?s=96&d=mm&r=g","height":96,"width":96}},"publisher":{"@type":"Organization","name":"tulsi.sk","logo":{"@type":"ImageObject","@id":"\/logo.png","url":"\/logo.png","width":600,"height":60}},"image":{"@type":"ImageObject","@id":"https:\/\/www.tulsi.sk\/wp-content\/uploads\/wellness-285591_640-2_1.jpg","url":"https:\/\/www.tulsi.sk\/wp-content\/uploads\/wellness-285591_640-2_1.jpg","height":0,"width":0},"keywords":null},{"@type":"Article","@id":"https:\/\/www.tulsi.sk\/tlac-pre-kazdeho\/","headline":"Tla\u010d pre ka\u017ed\u00e9ho!","url":"https:\/\/www.tulsi.sk\/tlac-pre-kazdeho\/","datePublished":"2024-07-08","dateModified":"2024-07-08","mainEntityOfPage":"https:\/\/www.tulsi.sk\/tlac-pre-kazdeho\/","author":{"@type":"Person","@id":"https:\/\/www.tulsi.sk\/author\/devene\/#Person","name":"devene","url":"https:\/\/www.tulsi.sk\/author\/devene\/","identifier":1,"image":{"@type":"ImageObject","@id":"https:\/\/secure.gravatar.com\/avatar\/3c4e99fa9a9806cd5e8fd7cac6ca73ff5bbf5f3ee309e1745415eebd31482909?s=96&d=mm&r=g","url":"https:\/\/secure.gravatar.com\/avatar\/3c4e99fa9a9806cd5e8fd7cac6ca73ff5bbf5f3ee309e1745415eebd31482909?s=96&d=mm&r=g","height":96,"width":96}},"publisher":{"@type":"Organization","name":"tulsi.sk","logo":{"@type":"ImageObject","@id":"\/logo.png","url":"\/logo.png","width":600,"height":60}},"image":{"@type":"ImageObject","@id":"https:\/\/www.tulsi.sk\/wp-content\/uploads\/bruno-cervera-yxttqGDs1AQ-unsplash.jpg","url":"https:\/\/www.tulsi.sk\/wp-content\/uploads\/bruno-cervera-yxttqGDs1AQ-unsplash.jpg","height":0,"width":0},"keywords":null},{"@type":"Article","@id":"https:\/\/www.tulsi.sk\/tajomne-zazitky-v-ziline\/","headline":"Tajomn\u00e9 z\u00e1\u017eitky v \u017diline","url":"https:\/\/www.tulsi.sk\/tajomne-zazitky-v-ziline\/","datePublished":"2024-04-20","dateModified":"2024-05-20","mainEntityOfPage":"https:\/\/www.tulsi.sk\/tajomne-zazitky-v-ziline\/","author":{"@type":"Person","@id":"https:\/\/www.tulsi.sk\/author\/devene\/#Person","name":"devene","url":"https:\/\/www.tulsi.sk\/author\/devene\/","identifier":1,"image":{"@type":"ImageObject","@id":"https:\/\/secure.gravatar.com\/avatar\/3c4e99fa9a9806cd5e8fd7cac6ca73ff5bbf5f3ee309e1745415eebd31482909?s=96&d=mm&r=g","url":"https:\/\/secure.gravatar.com\/avatar\/3c4e99fa9a9806cd5e8fd7cac6ca73ff5bbf5f3ee309e1745415eebd31482909?s=96&d=mm&r=g","height":96,"width":96}},"publisher":{"@type":"Organization","name":"tulsi.sk","logo":{"@type":"ImageObject","@id":"\/logo.png","url":"\/logo.png","width":600,"height":60}},"image":{"@type":"ImageObject","@id":"https:\/\/www.tulsi.sk\/wp-content\/uploads\/9fde2ae4-a93a-472a-b03a-2a92d2671b8b_1.jpeg","url":"https:\/\/www.tulsi.sk\/wp-content\/uploads\/9fde2ae4-a93a-472a-b03a-2a92d2671b8b_1.jpeg","height":0,"width":0},"keywords":null},{"@type":"Article","@id":"https:\/\/www.tulsi.sk\/muzi-a-ich-eroticke-predstavy\/","headline":"Mu\u017ei a ich erotick\u00e9 predstavy","url":"https:\/\/www.tulsi.sk\/muzi-a-ich-eroticke-predstavy\/","datePublished":"2024-04-14","dateModified":"2024-05-14","mainEntityOfPage":"https:\/\/www.tulsi.sk\/muzi-a-ich-eroticke-predstavy\/","author":{"@type":"Person","@id":"https:\/\/www.tulsi.sk\/author\/devene\/#Person","name":"devene","url":"https:\/\/www.tulsi.sk\/author\/devene\/","identifier":1,"image":{"@type":"ImageObject","@id":"https:\/\/secure.gravatar.com\/avatar\/3c4e99fa9a9806cd5e8fd7cac6ca73ff5bbf5f3ee309e1745415eebd31482909?s=96&d=mm&r=g","url":"https:\/\/secure.gravatar.com\/avatar\/3c4e99fa9a9806cd5e8fd7cac6ca73ff5bbf5f3ee309e1745415eebd31482909?s=96&d=mm&r=g","height":96,"width":96}},"publisher":{"@type":"Organization","name":"tulsi.sk","logo":{"@type":"ImageObject","@id":"\/logo.png","url":"\/logo.png","width":600,"height":60}},"image":{"@type":"ImageObject","@id":"https:\/\/www.tulsi.sk\/wp-content\/uploads\/pexels-neosiam-+-594421_10_5.jpg","url":"https:\/\/www.tulsi.sk\/wp-content\/uploads\/pexels-neosiam-+-594421_10_5.jpg","height":0,"width":0},"keywords":null},{"@type":"Article","@id":"https:\/\/www.tulsi.sk\/na-tantrickej-masazi-si-uvedomite-ako-nas-ovplyvnuje-stres\/","headline":"Na tantrickej mas\u00e1\u017ei si uvedom\u00edte, ako n\u00e1s ovplyv\u0148uje stres","url":"https:\/\/www.tulsi.sk\/na-tantrickej-masazi-si-uvedomite-ako-nas-ovplyvnuje-stres\/","datePublished":"2024-04-14","dateModified":"2024-05-14","mainEntityOfPage":"https:\/\/www.tulsi.sk\/na-tantrickej-masazi-si-uvedomite-ako-nas-ovplyvnuje-stres\/","author":{"@type":"Person","@id":"https:\/\/www.tulsi.sk\/author\/devene\/#Person","name":"devene","url":"https:\/\/www.tulsi.sk\/author\/devene\/","identifier":1,"image":{"@type":"ImageObject","@id":"https:\/\/secure.gravatar.com\/avatar\/3c4e99fa9a9806cd5e8fd7cac6ca73ff5bbf5f3ee309e1745415eebd31482909?s=96&d=mm&r=g","url":"https:\/\/secure.gravatar.com\/avatar\/3c4e99fa9a9806cd5e8fd7cac6ca73ff5bbf5f3ee309e1745415eebd31482909?s=96&d=mm&r=g","height":96,"width":96}},"publisher":{"@type":"Organization","name":"tulsi.sk","logo":{"@type":"ImageObject","@id":"\/logo.png","url":"\/logo.png","width":600,"height":60}},"image":{"@type":"ImageObject","@id":"https:\/\/www.tulsi.sk\/wp-content\/uploads\/nude-3060349_640.jpg","url":"https:\/\/www.tulsi.sk\/wp-content\/uploads\/nude-3060349_640.jpg","height":0,"width":0},"keywords":null},{"@type":"Article","@id":"https:\/\/www.tulsi.sk\/s-funkcnostou-elektrickych-zariadeni-je-spojena-aj-bezpecnost-pri-ich-pouzivani-netreba-ju-zanedbat\/","headline":"S funk\u010dnos\u0165ou elektrick\u00fdch zariaden\u00ed je spojen\u00e1 aj bezpe\u010dnos\u0165 pri ich pou\u017e\u00edvan\u00ed, netreba ju zanedba\u0165","url":"https:\/\/www.tulsi.sk\/s-funkcnostou-elektrickych-zariadeni-je-spojena-aj-bezpecnost-pri-ich-pouzivani-netreba-ju-zanedbat\/","datePublished":"2024-03-26","dateModified":"2024-04-26","mainEntityOfPage":"https:\/\/www.tulsi.sk\/s-funkcnostou-elektrickych-zariadeni-je-spojena-aj-bezpecnost-pri-ich-pouzivani-netreba-ju-zanedbat\/","author":{"@type":"Person","@id":"https:\/\/www.tulsi.sk\/author\/devene\/#Person","name":"devene","url":"https:\/\/www.tulsi.sk\/author\/devene\/","identifier":1,"image":{"@type":"ImageObject","@id":"https:\/\/secure.gravatar.com\/avatar\/3c4e99fa9a9806cd5e8fd7cac6ca73ff5bbf5f3ee309e1745415eebd31482909?s=96&d=mm&r=g","url":"https:\/\/secure.gravatar.com\/avatar\/3c4e99fa9a9806cd5e8fd7cac6ca73ff5bbf5f3ee309e1745415eebd31482909?s=96&d=mm&r=g","height":96,"width":96}},"publisher":{"@type":"Organization","name":"tulsi.sk","logo":{"@type":"ImageObject","@id":"\/logo.png","url":"\/logo.png","width":600,"height":60}},"image":{"@type":"ImageObject","@id":"https:\/\/www.tulsi.sk\/wp-content\/uploads\/electrician-1080554_640_5.jpg","url":"https:\/\/www.tulsi.sk\/wp-content\/uploads\/electrician-1080554_640_5.jpg","height":0,"width":0},"keywords":null},{"@type":"Article","@id":"https:\/\/www.tulsi.sk\/masaz-penisu-na-private-nie-je-nic-podradne-skor-naopak\/","headline":"Mas\u00e1\u017e penisu na priv\u00e1te nie je ni\u010d podradn\u00e9, sk\u00f4r naopak","url":"https:\/\/www.tulsi.sk\/masaz-penisu-na-private-nie-je-nic-podradne-skor-naopak\/","datePublished":"2024-02-04","dateModified":"2024-04-04","mainEntityOfPage":"https:\/\/www.tulsi.sk\/masaz-penisu-na-private-nie-je-nic-podradne-skor-naopak\/","author":{"@type":"Person","@id":"https:\/\/www.tulsi.sk\/author\/devene\/#Person","name":"devene","url":"https:\/\/www.tulsi.sk\/author\/devene\/","identifier":1,"image":{"@type":"ImageObject","@id":"https:\/\/secure.gravatar.com\/avatar\/3c4e99fa9a9806cd5e8fd7cac6ca73ff5bbf5f3ee309e1745415eebd31482909?s=96&d=mm&r=g","url":"https:\/\/secure.gravatar.com\/avatar\/3c4e99fa9a9806cd5e8fd7cac6ca73ff5bbf5f3ee309e1745415eebd31482909?s=96&d=mm&r=g","height":96,"width":96}},"publisher":{"@type":"Organization","name":"tulsi.sk","logo":{"@type":"ImageObject","@id":"\/logo.png","url":"\/logo.png","width":600,"height":60}},"image":{"@type":"ImageObject","@id":"https:\/\/www.tulsi.sk\/wp-content\/uploads\/massage-3607837_640_1.jpg","url":"https:\/\/www.tulsi.sk\/wp-content\/uploads\/massage-3607837_640_1.jpg","height":0,"width":0},"keywords":null},{"@type":"Article","@id":"https:\/\/www.tulsi.sk\/pravne-v-poriadku\/","headline":"Pr\u00e1vne v poriadku?","url":"https:\/\/www.tulsi.sk\/pravne-v-poriadku\/","datePublished":"2024-01-29","dateModified":"2024-03-23","mainEntityOfPage":"https:\/\/www.tulsi.sk\/pravne-v-poriadku\/","author":{"@type":"Person","@id":"https:\/\/www.tulsi.sk\/author\/devene\/#Person","name":"devene","url":"https:\/\/www.tulsi.sk\/author\/devene\/","identifier":1,"image":{"@type":"ImageObject","@id":"https:\/\/secure.gravatar.com\/avatar\/3c4e99fa9a9806cd5e8fd7cac6ca73ff5bbf5f3ee309e1745415eebd31482909?s=96&d=mm&r=g","url":"https:\/\/secure.gravatar.com\/avatar\/3c4e99fa9a9806cd5e8fd7cac6ca73ff5bbf5f3ee309e1745415eebd31482909?s=96&d=mm&r=g","height":96,"width":96}},"publisher":{"@type":"Organization","name":"tulsi.sk","logo":{"@type":"ImageObject","@id":"\/logo.png","url":"\/logo.png","width":600,"height":60}},"image":{"@type":"ImageObject","@id":"https:\/\/www.tulsi.sk\/wp-content\/uploads\/comic-characters-2025788_1280_1.png","url":"https:\/\/www.tulsi.sk\/wp-content\/uploads\/comic-characters-2025788_1280_1.png","height":0,"width":0},"keywords":null},{"@type":"Article","@id":"https:\/\/www.tulsi.sk\/potrebujem-rozbor-vody\/","headline":"Potrebujem rozbor vody?","url":"https:\/\/www.tulsi.sk\/potrebujem-rozbor-vody\/","datePublished":"2024-01-15","dateModified":"2024-03-15","mainEntityOfPage":"https:\/\/www.tulsi.sk\/potrebujem-rozbor-vody\/","author":{"@type":"Person","@id":"https:\/\/www.tulsi.sk\/author\/devene\/#Person","name":"devene","url":"https:\/\/www.tulsi.sk\/author\/devene\/","identifier":1,"image":{"@type":"ImageObject","@id":"https:\/\/secure.gravatar.com\/avatar\/3c4e99fa9a9806cd5e8fd7cac6ca73ff5bbf5f3ee309e1745415eebd31482909?s=96&d=mm&r=g","url":"https:\/\/secure.gravatar.com\/avatar\/3c4e99fa9a9806cd5e8fd7cac6ca73ff5bbf5f3ee309e1745415eebd31482909?s=96&d=mm&r=g","height":96,"width":96}},"publisher":{"@type":"Organization","name":"tulsi.sk","logo":{"@type":"ImageObject","@id":"\/logo.png","url":"\/logo.png","width":600,"height":60}},"image":{"@type":"ImageObject","@id":"https:\/\/www.tulsi.sk\/wp-content\/uploads\/tap-791172_1280_5.jpg","url":"https:\/\/www.tulsi.sk\/wp-content\/uploads\/tap-791172_1280_5.jpg","height":0,"width":0},"keywords":null}]}