[{"@context":"https:\/\/schema.org\/","@type":"Article","@id":"https:\/\/www.tulsi.sk\/nie-len-pre-vianocny-cas\/#Article","mainEntityOfPage":"https:\/\/www.tulsi.sk\/nie-len-pre-vianocny-cas\/","headline":"Nie len pre Viano\u010dn\u00fd \u010das","name":"Nie len pre Viano\u010dn\u00fd \u010das","description":"Sveteln\u00e9 z\u00e1vesy m\u00f4\u017eu by\u0165 v\u00fdnimo\u010dnou ozdobou aj u V\u00e1s doma. LED sveteln\u00fd z\u00e1ves je ekologickou ozdobou pre ka\u017ed\u00fa dom\u00e1cnos\u0165 a to aj hlavne v obdob\u00ed Vianoc ale aj po\u010das cel\u00e9ho roka. Sveteln\u00fd z\u00e1ves m\u00f4\u017ee by\u0165 n\u00e1dhernou dekor\u00e1ciou v akejko\u013evek miestnosti [&hellip;]","datePublished":"2023-10-09","dateModified":"2023-11-10","author":{"@type":"Person","@id":"https:\/\/www.tulsi.sk\/author\/devene\/#Person","name":"devene","url":"https:\/\/www.tulsi.sk\/author\/devene\/","identifier":1,"image":{"@type":"ImageObject","@id":"https:\/\/secure.gravatar.com\/avatar\/3c4e99fa9a9806cd5e8fd7cac6ca73ff5bbf5f3ee309e1745415eebd31482909?s=96&d=mm&r=g","url":"https:\/\/secure.gravatar.com\/avatar\/3c4e99fa9a9806cd5e8fd7cac6ca73ff5bbf5f3ee309e1745415eebd31482909?s=96&d=mm&r=g","height":96,"width":96}},"publisher":{"@type":"Organization","name":"tulsi.sk","logo":{"@type":"ImageObject","@id":"\/logo.png","url":"\/logo.png","width":600,"height":60}},"image":{"@type":"ImageObject","@id":"https:\/\/www.tulsi.sk\/wp-content\/uploads\/light-expo-996420_1280.jpg","url":"https:\/\/www.tulsi.sk\/wp-content\/uploads\/light-expo-996420_1280.jpg","height":0,"width":0},"url":"https:\/\/www.tulsi.sk\/nie-len-pre-vianocny-cas\/","about":["V\u00fdrobky"],"wordCount":413,"articleBody":"   Sveteln\u00e9 z\u00e1vesy m\u00f4\u017eu by\u0165 v\u00fdnimo\u010dnou ozdobou aj u V\u00e1s doma. LED sveteln\u00fd z\u00e1ves je ekologickou ozdobou pre ka\u017ed\u00fa dom\u00e1cnos\u0165 a to aj hlavne v obdob\u00ed Vianoc ale aj po\u010das cel\u00e9ho roka. Sveteln\u00fd z\u00e1ves m\u00f4\u017ee by\u0165 n\u00e1dhernou dekor\u00e1ciou v akejko\u013evek miestnosti a \u010di u\u017e sa rozhodnete pre tento z\u00e1ves za ak\u00fdmko\u013evek \u00fa\u010delom, jeho vyu\u017eitie vynikne po\u010das cel\u00e9ho roka.Sveteln\u00e9 z\u00e1vesy pre Va\u0161u svadbu snov? Pre\u010do nie? Svadba je kr\u00e1snou pr\u00edle\u017eitos\u0165ou pre sveteln\u00fd z\u00e1ves a po\u010das ve\u010dern\u00fdch hod\u00edn to m\u00f4\u017ee by\u0165 pr\u00e1ve to \u010do V\u00e1m zaklincuje cel\u00fa atmosf\u00e9ru. Svetlo ak\u00e9hoko\u013evek odtie\u0148u \u010di teploty si m\u00f4\u017eete regulova\u0165 pod\u013ea seba, taktie\u017e v\u00fdber teploty je na n\u00e1s. Vybera\u0165 si m\u00f4\u017eete od studen\u00fdch, cez tepl\u00e9 a\u017e po farebn\u00e9 varianty. Pomocou dia\u013ekov\u00e9ho ovl\u00e1da\u010da si tak m\u00f4\u017eete kedyko\u013evek dokonca aj meni\u0165 intenzitu \u010di farbu sveteln\u00e9ho z\u00e1vesu.\u010eal\u0161\u00edm skvel\u00fdm, aj ke\u010f ve\u013emi podobn\u00fdm vyu\u017eit\u00edm s\u00fa aj rodinn\u00e9 oslavy, kde ka\u017ed\u00fd ocen\u00ed t\u00fato dekor\u00e1ciu. \u010ci u\u017e mlad\u0161ia alebo aj star\u0161ia gener\u00e1cia ur\u010dite neostane pohor\u0161en\u00e1 po zazret\u00ed kr\u00e1sneho sveteln\u00e9ho z\u00e1vesu, ktor\u00fd v\u0161ade dod\u00e1va pr\u00edjemn\u00fa atmosf\u00e9ru. Pokia\u013e v\u0161ak nepl\u00e1nujete \u017eiadne ve\u013ek\u00e9 oslavy tento z\u00e1ves sa V\u00e1m m\u00f4\u017ee hodi\u0165 aj do vlastn\u00e9ho b\u00fdvania. \u010ci u\u017e cez Viano\u010dn\u00e9 sviatky, kedy svetielok nikdy nie je dos\u0165 alebo pokojne po\u010das cel\u00e9ho roka ako dekor\u00e1cia \u2013 predstavivosti nie je nikdy dos\u0165.U n\u00e1s si bez probl\u00e9mov vyberiete sveteln\u00fd z\u00e1ves ak\u00fd len potrebujete a ak\u00fd V\u00e1m vyhovuje. R\u00f4zne farby aj ve\u013ekosti \u010dakaj\u00fa pr\u00e1ve na V\u00e1s. Nakupujte v na\u0161om overenom e-shope, ktor\u00fd V\u00e1m v\u017edy pon\u00faka len tie najlep\u0161ie produkty, z ktor\u00fdch sa budete skuto\u010dne te\u0161i\u0165 e\u0161te dlh\u00fa dobu. Ceny, ktor\u00e9 V\u00e1s ohromia v tom najlep\u0161om zmysle s\u00fa l\u00e1kadlom pre mnoh\u00fdch. N\u00e1jdite si chv\u00ed\u013eku \u010dasu a prezrite si na\u0161e v\u00fdrobky a vyberajte si z toho \u010do V\u00e1s zaujme a \u010do si viete predstavi\u0165 pre svoje b\u00fdvanie. Mo\u017enost\u00ed m\u00e1te ne\u00farekom a v\u0161etky sa naozaj oplatia.                                                                                                                                                                                                                                                                                                                                                                                          4.1\/5 - (12 votes)        "},{"@context":"https:\/\/schema.org\/","@type":"BreadcrumbList","itemListElement":[{"@type":"ListItem","position":1,"name":"Nie len pre Viano\u010dn\u00fd \u010das","item":"https:\/\/www.tulsi.sk\/nie-len-pre-vianocny-cas\/#breadcrumbitem"}]}]