[{"@context":"https:\/\/schema.org\/","@type":"Article","@id":"https:\/\/www.tulsi.sk\/ako-vznika-kontajner\/#Article","mainEntityOfPage":"https:\/\/www.tulsi.sk\/ako-vznika-kontajner\/","headline":"Ako vznik\u00e1 kontajner","name":"Ako vznik\u00e1 kontajner","description":"O mno\u017estve odpadu, najm\u00e4 toho \u0165a\u017eko rozkladate\u013en\u00e9ho sa u\u017e ve\u013ea hovorilo. Firmy robia nejak\u00e9 mal\u00e9 opatrenia, ktor\u00e9 nejakou \u010das\u0165ou zni\u017euj\u00fa odpad. Av\u0161ak spolo\u010dnos\u0165 Schoeller Allibert si tento probl\u00e9m zobrala k srdcu, preto\u017ee vedeniu aj zamestnancom z\u00e1le\u017e\u00ed na zdrav\u00ed n\u00e1s v\u0161etk\u00fdch, [&hellip;]","datePublished":"2023-08-19","dateModified":"2023-09-20","author":{"@type":"Person","@id":"https:\/\/www.tulsi.sk\/author\/devene\/#Person","name":"devene","url":"https:\/\/www.tulsi.sk\/author\/devene\/","identifier":1,"image":{"@type":"ImageObject","@id":"https:\/\/secure.gravatar.com\/avatar\/3c4e99fa9a9806cd5e8fd7cac6ca73ff5bbf5f3ee309e1745415eebd31482909?s=96&d=mm&r=g","url":"https:\/\/secure.gravatar.com\/avatar\/3c4e99fa9a9806cd5e8fd7cac6ca73ff5bbf5f3ee309e1745415eebd31482909?s=96&d=mm&r=g","height":96,"width":96}},"publisher":{"@type":"Organization","name":"tulsi.sk","logo":{"@type":"ImageObject","@id":"\/logo.png","url":"\/logo.png","width":600,"height":60}},"image":{"@type":"ImageObject","@id":"https:\/\/www.tulsi.sk\/wp-content\/uploads\/boxes-318234_1280_1.jpg","url":"https:\/\/www.tulsi.sk\/wp-content\/uploads\/boxes-318234_1280_1.jpg","height":0,"width":0},"url":"https:\/\/www.tulsi.sk\/ako-vznika-kontajner\/","about":["V\u00fdrobky"],"wordCount":356,"articleBody":"        O mno\u017estve odpadu, najm\u00e4 toho \u0165a\u017eko rozkladate\u013en\u00e9ho sa u\u017e ve\u013ea hovorilo. Firmy robia nejak\u00e9 mal\u00e9 opatrenia, ktor\u00e9 nejakou \u010das\u0165ou zni\u017euj\u00fa odpad. Av\u0161ak spolo\u010dnos\u0165 Schoeller Allibert si tento probl\u00e9m zobrala k srdcu, preto\u017ee vedeniu aj zamestnancom z\u00e1le\u017e\u00ed na zdrav\u00ed n\u00e1s v\u0161etk\u00fdch, na \u010distej pr\u00edrode, do ktorej v\u0161etci radi chod\u00edme, na \u017eivo\u010d\u00edchoch, ktor\u00ed bez na\u0161ej pomoci nem\u00f4\u017eu pre\u017ei\u0165. Na \u010distej vode, bez ktorej nikto z n\u00e1s nepre\u017eije. A tak do svojej firemnej filozofie a hodn\u00f4t doplnila aj snaha o ochranu \u017eivotn\u00e9ho prostredia a zn\u00ed\u017eenia odpadu pri svojej v\u00fdrobe.Av\u0161ak firma nie len, \u017ee zn\u00ed\u017eila odpad pri v\u00fdrobe, ale Schoeller Allibert z odpadu a druhotriednych surov\u00edn, ktor\u00e9 by inak skon\u010dili v skl\u00e1dkach odpadu vytv\u00e1ra nov\u00e9 kvalitn\u00e9 veci, ktor\u00e9 pom\u00e1haj\u00fa mno\u017estvu klientom pri ich pr\u00e1ci. U n\u00e1s v Schoeller Allibert cesta plastovej f\u013ea\u0161e nekon\u010d\u00ed, u n\u00e1s dost\u00e1va \u0161ancu a tu jej pr\u00edbeh op\u00e4\u0165 za\u010d\u00edna. V\u00fdrobu kontajnerov ako aj niektor\u00fdch prepravn\u00fdch boxov realizujeme z druhotn\u00fdch surov\u00edn, \u010d\u00edm e\u0161te viac prispievame k zn\u00ed\u017eeniu plastov\u00e9ho odpadu. Myslite ekologicky aj vy a vyberte si kontajnery, plastov\u00e9 boxy alebo in\u00e9 plastov\u00e9 v\u00fdrobky a dajte tak va\u0161im plastom druh\u00fa \u0161ancu.Spolo\u010dnos\u0165 Schoeller Allibert zaviedla okrem predaja aj mo\u017enos\u0165 zapo\u017ei\u010dania, niektor\u00fdch prepraviek a svojich plastov\u00fdch v\u00fdrobkov ur\u010den\u00fdch na transport a uskladnenie. Preto ak nepotrebujete plastov\u00fa prepravku, kontajner alebo box neust\u00e1le m\u00f4\u017eete si ho po\u017ei\u010da\u0165 na ur\u010dit\u00e9 \u010dasov\u00e9 obdobie. V\u010faka tomu sa taktie\u017e zn\u00ed\u017ei nutnos\u0165 v\u00fdroby a prebytok plastov\u00fdch prepraviek v obehu. Do na\u0161ej ekologickej filozofie sa u\u017e zapojilo mno\u017estvo na\u0161ich z\u00e1kazn\u00edkov, preto nakupuj\u00fa plastov\u00e9 prepravky a kontajnery od n\u00e1s. Pripojte sa medzi z\u00e1kazn\u00edkov, ktor\u00fdm ide o ochranu pr\u00edrody a \u017eivotn\u00e9ho prostredia aj vy a spolupracujte so spolo\u010dnos\u0165ou Schoeller Allibert.                                                                                                                                                                                                                                                                                                                                                                                          4.3\/5 - (3 votes)        "},{"@context":"https:\/\/schema.org\/","@type":"BreadcrumbList","itemListElement":[{"@type":"ListItem","position":1,"name":"Ako vznik\u00e1 kontajner","item":"https:\/\/www.tulsi.sk\/ako-vznika-kontajner\/#breadcrumbitem"}]}]